{"id":998,"date":"2012-11-21T22:11:26","date_gmt":"2012-11-21T19:11:26","guid":{"rendered":"http:\/\/mpulver.offline.ee\/wordpress\/?p=998"},"modified":"2014-06-18T16:33:52","modified_gmt":"2014-06-18T13:33:52","slug":"riik-see-oleme-meie","status":"publish","type":"post","link":"http:\/\/mpulver.offline.ee\/wordpress\/?p=998","title":{"rendered":"Riik &#8211; see oleme meie"},"content":{"rendered":"<p><strong>T\u00c3\u00a4iendus 23.11.12: <a href=\"http:\/\/arvamus.postimees.ee\/1049458\/ott-lumi-daamid-ja-harrad-me-raagime-voimust\/\">Ott Lume<\/a> artikkel on p\u00c3\u00b5hjalikum ja m\u00c3\u00b5lemapoolsem kui paljud teised. Ei kirjuta alla k\u00c3\u00b5igele, kuid ta juhib samuti t\u00c3\u00a4helepanu olulistele punktidele ja ei tegele ainult <em>ad hominem<\/em> hartalaste peksmisega<\/p>\n<p>Sama r\u00c3\u00b5\u00c3\u00b5mustav on lugeda v\u00c3\u00a4hemalt <a href=\"http:\/\/arvamus.postimees.ee\/1049866\/toomas-hendrik-ilves-arutlev-demokraatia-turusoimu-asemele\">s\u00c3\u00b5nades<\/a> v\u00c3\u00a4ljendatavat Eesti presidentuuri ametlikku seisukohta. T\u00c3\u00a4helepanu on juhitud, s\u00c3\u00b5numit kuulda v\u00c3\u00b5etud, asjad liikuma l\u00c3\u00bckatud. N\u00c3\u00bc\u00c3\u00bcd on vaja juba rahulikuma peaga seda protsessi juhtida.<\/strong><\/p>\n<p>Mitte ei saa vaiki olla. Iseenesest on tervitatav, et Harta 12 l\u00c3\u00bckkas palli j\u00c3\u00b5uliselt liikuma ja arutlused k\u00c3\u00a4ima, kuid kohati on need arutlused ikka \u00c3\u00bcsna arutud (kuigi eeldan, et <a href=\"http:\/\/arvamus.postimees.ee\/1048450\/vootele-pai-mis-on-harta12-autorite-tegelik-agenda\/\">Vootele P\u00c3\u00a4i<\/a> blogisissekandest t\u00c3\u00b5lgitud artikli n\u00c3\u00a4ol on tegemist lolli naljaga, seep\u00c3\u00a4rast pole m\u00c3\u00b5tet seda eriti k\u00c3\u00a4sitleda). K\u00c3\u00bcll aga on olulised ja m\u00c3\u00b5tlemapanevad Iivi Anna Masso <a href=\"http:\/\/arvamus.postimees.ee\/1048144\/iivi-anna-masso-meiega-voi-meie-vastu\">t\u00c3\u00a4helepanekud<\/a>.<!--more--><\/p>\n<p>Esiteks on \u00c3\u00b5ige, et Masso ja teised on seda trummi tagunud juba ammu ja ta ei viitsi ennast enam korrata. \u00c3\u2022ige, on k\u00c3\u00bcll tagunud ja ei pea end kordama. Asi on nimelt selles, et n\u00c3\u00bc\u00c3\u00bcd v\u00c3\u00b5tavad r\u00c3\u00bctmi \u00c3\u00bcles ka teised ja see on hea. V\u00c3\u00b5ib-olla pole enam romantiline olla \u00c3\u00bcksildane h\u00c3\u00a4\u00c3\u00a4l k\u00c3\u00b5rbes, kuid rahulolematusel ei peagi olema isikustatud v\u00c3\u00b5tmefiguure. Ei, ma tegelikult norin &#8211; m\u00c3\u00b5istan t\u00c3\u00a4ielikult, kui rusuv v\u00c3\u00b5ib olla pidevalt mingi teema k\u00c3\u00a4sitlemine ja siis k\u00c3\u00b5rvalt j\u00c3\u00a4lgimine, kuidas mingi seltskond serveerib teemat oma avastusena (&#8220;Tead, mis ma just praegu v\u00c3\u00a4lja m\u00c3\u00b5tlesin!&#8221;).<\/p>\n<p>Teiseks on \u00c3\u00b5ige, et Harta 12 tekst on emotsionaalselt m\u00c3\u00b5juv ja deklaratiivne, kuid ei sobi reaalseks tegutsemiseks. Mina sain aru nii, et Harta 12 oligi \u00c3\u00bcleskutse aruteluks ja dialoogiks, mitte tulevane parteiprogramm. Kui kehtib esimene, siis ma kirjutasin alla p\u00c3\u00b5hjusega. Kui teine, siis mu digitaalne n\u00c3\u00b5usolek j\u00c3\u00a4\u00c3\u00a4b dokumendi alla, kuid ma taganen sellest <em>ex post facto<\/em>. Olen juba r\u00c3\u00b5hutanud seda, et allkirjastasin protesti senise riigihalduskorra vastu, mitte ei liitunud m\u00c3\u00b5ne tulevase erakonnaga. R\u00c3\u00b5hutan seda igaks juhuks veel, kui Harta 12 seltskonna v\u00c3\u00b5i tuumiku seas on t\u00c3\u00b5esti mingeid inimesi, kes neid m\u00c3\u00b5tteid hellitavad.<\/p>\n<p>Kolmandaks on \u00c3\u00b5ige, et emotsionaalses pillerkaaris on Harta 12 leer esitanud kohati kummalisi v\u00c3\u00a4iteid v\u00c3\u00b5i liialdusi. See, et me \u00c3\u00bcldse saame selliseid s\u00c3\u00b5nu kirjutada, on demokraatia voorus ja m\u00c3\u00b5nes varasemas riigis oleks sellise asja eest arreteeritud. Seep\u00c3\u00a4rast ei n\u00c3\u00b5ustu, et Eestis puudub hetkel demokraatia. Leian siiski, et praegune Eesti demokraatia seis(kumine) on murettekitav, sest igal kodanikul ei ole v\u00c3\u00b5rdne \u00c3\u00b5igus osaleda riigi tegevuses. Meil ei ole veel vaikiv ajastu, kuid me asume sellest vaid paari sammu kaugusel ja viimane aeg on \u00c3\u00bcmber p\u00c3\u00b6\u00c3\u00b6rata. Parteide kartellis\u00c3\u00bcsteem ja <em>status quo<\/em> kinnistamine ei sobi pluralismi, v\u00c3\u00b5rd\u00c3\u00b5iguslikkuse ning kodaniku\u00c3\u00bchiskonna p\u00c3\u00b5him\u00c3\u00b5tetega.<\/p>\n<p>Neljandaks on \u00c3\u00b5ige, et Harta 12 liikmetel on oht monopoliseerida rahulolematust ja tr\u00c3\u00bcgida selle etteotsa mingiks romantiliseks j\u00c3\u00b5uks, kes tormab barrikaadidele &#8211; isegi kui neid pole ja riigiv\u00c3\u00b5im soovib siiralt olukorda parandada. Kui esitatakse lepitus- v\u00c3\u00b5i muudatusettepanekuid, on neil allkirjastajate ees lausa kohustus asuda dialoogi. Vastasel juhul \u00c3\u00bcritasid nad t\u00c3\u00b5esti algatada mingit uut parteid, mille ees k\u00c3\u00b5nniks nemad kui lehvivate lippudega revolutsion\u00c3\u00a4\u00c3\u00a4rid.<\/p>\n<p>Viiendaks on \u00c3\u00b5ige, et k\u00c3\u00a4rarikkam ja agressiivsem stiil meelitab ikka rohkem t\u00c3\u00a4helepanu kui vaikne manitsemine kulissides. Kui seda on vaja stagneeruva <em>status quo<\/em> muutmiseks, olgu. Peale l\u00c3\u00a4rmamist toimub alati rahunemine ja siis saavad aastaid k\u00c3\u00b5rvalt epistlit lugenud rahumeelsemad inimesed v\u00c3\u00a4rskeid kuulajaid \u00c3\u00b5petada.<\/p>\n<p>PS. Mis puutub praeguse riigieliidi ja Harta 12 mehelikku \u00c3\u00bclemv\u00c3\u00b5imu, siis siin ma Masso m\u00c3\u00b5ttek\u00c3\u00a4igust aru ei saa. \u00c3\u0153ks asi on m\u00c3\u00b5lemast soost liikmetega parteis toimuv naiste marginaliseerimine, teine on mingi seltskonna koondumine \u00c3\u00bchtse nimetuse taha. Kui Harta 12 moodustamisele eelnes mingi protsess, mille k\u00c3\u00a4igus naisliikmed minema t\u00c3\u00b5rjuti v\u00c3\u00b5i \u00c3\u00a4ra peletati, siis m\u00c3\u00b5istan v\u00c3\u00b5rdlust. Kuid mingi konkreetne seltskond (olgu tegemist meeste v\u00c3\u00b5i naistega) ei pea soolise kvoodi tagamiseks v\u00c3\u00b5tma juurde kedagi Teist. Kordan: kui Harta 12 seltskond t\u00c3\u00b5rjus enda seast naisi, on nende k\u00c3\u00a4itumine k\u00c3\u00bcll veider, kui aga seltskond kogunes piiranguteta ja vabast tahtest, ei peaks nad kaasama kedagi ainult selleks, et grupp oleks mitmekesine. <\/p>\n","protected":false},"excerpt":{"rendered":"<p>T\u00c3\u00a4iendus 23.11.12: Ott Lume artikkel on p\u00c3\u00b5hjalikum ja m\u00c3\u00b5lemapoolsem kui paljud teised. Ei kirjuta alla k\u00c3\u00b5igele, kuid ta juhib samuti t\u00c3\u00a4helepanu olulistele punktidele ja ei tegele ainult ad hominem hartalaste peksmisega Sama r\u00c3\u00b5\u00c3\u00b5mustav on lugeda v\u00c3\u00a4hemalt s\u00c3\u00b5nades v\u00c3\u00a4ljendatavat Eesti presidentuuri ametlikku seisukohta. T\u00c3\u00a4helepanu on juhitud, s\u00c3\u00b5numit kuulda v\u00c3\u00b5etud, asjad liikuma l\u00c3\u00bckatud. N\u00c3\u00bc\u00c3\u00bcd on vaja juba [&hellip;]<\/p>\n","protected":false},"author":2,"featured_media":0,"comment_status":"open","ping_status":"open","sticky":false,"template":"","format":"standard","meta":{"footnotes":""},"categories":[13],"tags":[],"class_list":["post-998","post","type-post","status-publish","format-standard","hentry","category-poliitika"],"_links":{"self":[{"href":"http:\/\/mpulver.offline.ee\/wordpress\/index.php?rest_route=\/wp\/v2\/posts\/998","targetHints":{"allow":["GET"]}}],"collection":[{"href":"http:\/\/mpulver.offline.ee\/wordpress\/index.php?rest_route=\/wp\/v2\/posts"}],"about":[{"href":"http:\/\/mpulver.offline.ee\/wordpress\/index.php?rest_route=\/wp\/v2\/types\/post"}],"author":[{"embeddable":true,"href":"http:\/\/mpulver.offline.ee\/wordpress\/index.php?rest_route=\/wp\/v2\/users\/2"}],"replies":[{"embeddable":true,"href":"http:\/\/mpulver.offline.ee\/wordpress\/index.php?rest_route=%2Fwp%2Fv2%2Fcomments&post=998"}],"version-history":[{"count":5,"href":"http:\/\/mpulver.offline.ee\/wordpress\/index.php?rest_route=\/wp\/v2\/posts\/998\/revisions"}],"predecessor-version":[{"id":1183,"href":"http:\/\/mpulver.offline.ee\/wordpress\/index.php?rest_route=\/wp\/v2\/posts\/998\/revisions\/1183"}],"wp:attachment":[{"href":"http:\/\/mpulver.offline.ee\/wordpress\/index.php?rest_route=%2Fwp%2Fv2%2Fmedia&parent=998"}],"wp:term":[{"taxonomy":"category","embeddable":true,"href":"http:\/\/mpulver.offline.ee\/wordpress\/index.php?rest_route=%2Fwp%2Fv2%2Fcategories&post=998"},{"taxonomy":"post_tag","embeddable":true,"href":"http:\/\/mpulver.offline.ee\/wordpress\/index.php?rest_route=%2Fwp%2Fv2%2Ftags&post=998"}],"curies":[{"name":"wp","href":"https:\/\/api.w.org\/{rel}","templated":true}]}}