{"id":1053,"date":"2013-07-21T23:44:39","date_gmt":"2013-07-21T20:44:39","guid":{"rendered":"http:\/\/mpulver.offline.ee\/wordpress\/?p=1053"},"modified":"2013-07-29T14:20:47","modified_gmt":"2013-07-29T11:20:47","slug":"luuletule-007-bipolaarsus-sinu-aknal-eliina-korts","status":"publish","type":"post","link":"http:\/\/mpulver.offline.ee\/wordpress\/?p=1053","title":{"rendered":"Luuletule 007: Bipolaarsus sinu aknal (Eliina Korts)"},"content":{"rendered":"<div align=\"JUSTIFY\" style=\"font-weight: normal; margin-bottom: 0cm;\"><span style=\"font-size: x-small;\">Eliina Korts, \u00e2\u20ac\u017eL\u00c3\u00b6\u00c3\u00b6klaused murravad metsi\u00e2\u20ac\u0153, V\u00c3\u00a4rske R\u00c3\u00b5hk, 2006<\/span>\n<\/div>\n<div align=\"JUSTIFY\" style=\"font-weight: normal; margin-bottom: 0cm;\">\n<\/div>\n<div class=\"separator\" style=\"clear: both; text-align: center;\"><a href=\"http:\/\/2.bp.blogspot.com\/_bEh54tF4T7w\/SwQ03QZWBuI\/AAAAAAAAABg\/JOAhiqCp__c\/s1600\/eliina_korts.jpg\" imageanchor=\"1\" style=\"clear: left; float: left; margin-bottom: 1em; margin-right: 1em;\"><img loading=\"lazy\" decoding=\"async\" border=\"0\" height=\"200\" src=\"http:\/\/2.bp.blogspot.com\/_bEh54tF4T7w\/SwQ03QZWBuI\/AAAAAAAAABg\/JOAhiqCp__c\/s320\/eliina_korts.jpg\" width=\"120\" \/><\/a>\n<\/div>\n<div align=\"JUSTIFY\" style=\"font-weight: normal; margin-bottom: 0cm;\">\u00e2\u20ac\u017eL\u00c3\u00b6\u00c3\u00b6klaused murravad metsi\u00e2\u20ac\u0153 on vaid ligi neli aastat vana, kuid m\u00c3\u00b5jub t\u00c3\u00a4nase uue luule k\u00c3\u00b5rval juba klassikana \u00e2\u20ac\u201c see on tihe, terav ja tugev kogu, mille raskus n\u00c3\u00b5jatub petlikult v\u00c3\u00a4ikese v\u00c3\u00a4limuse juures k\u00c3\u00a4tele.\n<\/div>\n<div align=\"JUSTIFY\" style=\"font-weight: normal; margin-bottom: 0cm;\">Eliina Kortsi luule on t\u00c3\u00a4is h\u00c3\u00a4id leide ja erinevalt m\u00c3\u00b5ne muu loomingust on sellel rohkem kui \u00c3\u00bcks m\u00c3\u00b5\u00c3\u00b5de. \u00e2\u20ac\u017eL\u00c3\u00b6\u00c3\u00b6klaused&#8230;\u00e2\u20ac\u0153 on ruumiline ja s\u00c3\u00bcnesteetiline kobar hullunud luulet, mis k\u00c3\u00b5igub maniakaalselt erinevate tujude vahel.\n<\/div>\n<p><!-- more --><\/p>\n<div align=\"JUSTIFY\" style=\"font-weight: normal; margin-bottom: 0cm;\">Kohati on \u00e2\u20ac\u017eL\u00c3\u00b6\u00c3\u00b6klaused&#8230;\u00e2\u20ac\u0153 halastamatu ja kalk, kui lugeja ette kerkivad sellised read nagu <i>su k\u00c3\u00a4es on Aeg,\/ murrad seda pisikesteks minutiteks ja t\u00c3\u00b5mbad ninna<\/i><span style=\"font-style: normal;\"> (lk. 32) v\u00c3\u00b5i <\/span><i>mu kallima silmad:\/ p\u00c3\u00a4eval m\u00c3\u00b5tlevad nad raha peale,\/ \u00c3\u00b6\u00c3\u00b6sel keha peale<\/i><span style=\"font-style: normal;\"> (lk. 7). Siis on Korts julm ja k\u00c3\u00bc\u00c3\u00bcniline ning hoolikalt valitud s\u00c3\u00b5nad n\u00c3\u00bcpeldavad seda, kes ette juhtub. J\u00c3\u00a4rgmisel hetkel v\u00c3\u00b5ib ta muutuda aga ootamatult hellaks, kirglikuks ja armastavaks, koguni elu ihalevaks: <\/span><i>j\u00c3\u00b5gi embab sind\/ rohelus ihkab sind\/ P\u00c3\u00a4ike kuldab sind\/ ja Tema armastab sind<\/i><span style=\"font-style: normal;\"> (lk. 21).<\/span>\n<\/div>\n<div align=\"JUSTIFY\" style=\"font-weight: normal; margin-bottom: 0cm;\"><span style=\"font-style: normal;\">Selline vaheldumine nahaalse torke (<\/span><i>tegelt olen lihtsalt liiga ratsionaalne nagu k\u00c3\u00b5ik naised<\/i><span style=\"font-style: normal;\">, lk. 47) ja siira \u00c3\u00bclestunnistuse (<\/span><i>ihalen vaid kodu ja usalduse j\u00c3\u00a4rele<\/i><span style=\"font-style: normal;\">, lk. 56) vahel ei j\u00c3\u00a4ta h\u00c3\u00bcplikku muljet, nagu v\u00c3\u00b5iks oodata. N\u00c3\u00a4rvilist, heitlikku, elektrilist, seda k\u00c3\u00bcll. \u00e2\u20ac\u017eL\u00c3\u00b6\u00c3\u00b6klaused&#8230;\u00e2\u20ac\u0153 on bipolaarne kogu. \u00c3\u0153heks illustratsiooniks raamatus on pilt kahest aknast, mis v\u00c3\u00a4liselt on peaaegu et \u00c3\u00bchesugused, ainult et \u00c3\u00bcks on katkisem kui teine.<\/span>\n<\/div>\n<div align=\"JUSTIFY\" style=\"font-weight: normal; margin-bottom: 0cm;\"><span style=\"font-style: normal;\">J\u00c3\u00a4\u00c3\u00a4b mulje, otsekui oleks Korts ise samasugune, otsekui rabeleks temas kaks meelsust, millest \u00c3\u00bcks on haavatum kui teine. Hullusele osutab ridagi: <\/span><i>Taipan, et olen hull eluaeg olnud<\/i><span style=\"font-style: normal;\"> (lk. 17).<\/span>\n<\/div>\n<div align=\"JUSTIFY\" style=\"font-weight: normal; margin-bottom: 0cm;\"><span style=\"font-style: normal;\">V\u00c3\u00a4ga v\u00c3\u00b5imsalt m\u00c3\u00b5jub selle katkisuse foonil katkestus: <\/span><i>ma k\u00c3\u00bcll a. teda,\/ aga mitte nii nagu tema arvab\/ ta on lihtsalt nii kohutavalt arusaamatu\/ nagu iga\u00c3\u00bcks, kes mind a.<\/i><span style=\"font-style: normal;\"> (lk. 46).<\/span>\n<\/div>\n<div align=\"JUSTIFY\" style=\"font-weight: normal; margin-bottom: 0cm;\"><span style=\"font-style: normal;\">See ahastav <\/span><i>a.<\/i><span style=\"font-style: normal;\"> j\u00c3\u00a4\u00c3\u00a4b kummitama. See on millegi puudumine v\u00c3\u00b5i \u00c3\u00b5igemini midagi sellist, mis on v\u00c3\u00a4\u00c3\u00a4rastunud vorm jumalikult puhtast ja abstraktsest \u00e2\u20ac\u017earmastusest\u00e2\u20ac\u0153.<\/span>\n<\/div>\n<div align=\"JUSTIFY\" style=\"font-weight: normal; margin-bottom: 0cm;\"><span style=\"font-style: normal;\">Hullumeelne kogu t\u00c3\u00bcdrukult, kes a. Kas kunagi, kas kunagi veel, kas ennast, sind v\u00c3\u00b5i mind \u00e2\u20ac\u201c seda teavad vaid katkised aknad.<\/span>\n<\/div>\n","protected":false},"excerpt":{"rendered":"<p>Eliina Korts, \u00e2\u20ac\u017eL\u00c3\u00b6\u00c3\u00b6klaused murravad metsi\u00e2\u20ac\u0153, V\u00c3\u00a4rske R\u00c3\u00b5hk, 2006 \u00e2\u20ac\u017eL\u00c3\u00b6\u00c3\u00b6klaused murravad metsi\u00e2\u20ac\u0153 on vaid ligi neli aastat vana, kuid m\u00c3\u00b5jub t\u00c3\u00a4nase uue luule k\u00c3\u00b5rval juba klassikana \u00e2\u20ac\u201c see on tihe, terav ja tugev kogu, mille raskus n\u00c3\u00b5jatub petlikult v\u00c3\u00a4ikese v\u00c3\u00a4limuse juures k\u00c3\u00a4tele. Eliina Kortsi luule on t\u00c3\u00a4is h\u00c3\u00a4id leide ja erinevalt m\u00c3\u00b5ne muu loomingust on sellel [&hellip;]<\/p>\n","protected":false},"author":2,"featured_media":0,"comment_status":"closed","ping_status":"closed","sticky":false,"template":"","format":"standard","meta":{"footnotes":""},"categories":[15],"tags":[],"class_list":["post-1053","post","type-post","status-publish","format-standard","hentry","category-tekst"],"_links":{"self":[{"href":"http:\/\/mpulver.offline.ee\/wordpress\/index.php?rest_route=\/wp\/v2\/posts\/1053","targetHints":{"allow":["GET"]}}],"collection":[{"href":"http:\/\/mpulver.offline.ee\/wordpress\/index.php?rest_route=\/wp\/v2\/posts"}],"about":[{"href":"http:\/\/mpulver.offline.ee\/wordpress\/index.php?rest_route=\/wp\/v2\/types\/post"}],"author":[{"embeddable":true,"href":"http:\/\/mpulver.offline.ee\/wordpress\/index.php?rest_route=\/wp\/v2\/users\/2"}],"replies":[{"embeddable":true,"href":"http:\/\/mpulver.offline.ee\/wordpress\/index.php?rest_route=%2Fwp%2Fv2%2Fcomments&post=1053"}],"version-history":[{"count":3,"href":"http:\/\/mpulver.offline.ee\/wordpress\/index.php?rest_route=\/wp\/v2\/posts\/1053\/revisions"}],"predecessor-version":[{"id":1088,"href":"http:\/\/mpulver.offline.ee\/wordpress\/index.php?rest_route=\/wp\/v2\/posts\/1053\/revisions\/1088"}],"wp:attachment":[{"href":"http:\/\/mpulver.offline.ee\/wordpress\/index.php?rest_route=%2Fwp%2Fv2%2Fmedia&parent=1053"}],"wp:term":[{"taxonomy":"category","embeddable":true,"href":"http:\/\/mpulver.offline.ee\/wordpress\/index.php?rest_route=%2Fwp%2Fv2%2Fcategories&post=1053"},{"taxonomy":"post_tag","embeddable":true,"href":"http:\/\/mpulver.offline.ee\/wordpress\/index.php?rest_route=%2Fwp%2Fv2%2Ftags&post=1053"}],"curies":[{"name":"wp","href":"https:\/\/api.w.org\/{rel}","templated":true}]}}